{"id":1151,"date":"2020-07-22T09:20:36","date_gmt":"2020-07-22T12:20:36","guid":{"rendered":"https:\/\/wtb.tur.br\/?p=1151"},"modified":"2020-07-22T09:20:36","modified_gmt":"2020-07-22T12:20:36","slug":"voce-esta-atualizado-sobre-os-contratos-de-trabalho-durante-a-pandemia-veja-o-nosso-video-com-a-advogada-dra-carla-blanco-pousada","status":"publish","type":"post","link":"https:\/\/wtb.tur.br\/en\/2020\/07\/22\/voce-esta-atualizado-sobre-os-contratos-de-trabalho-durante-a-pandemia-veja-o-nosso-video-com-a-advogada-dra-carla-blanco-pousada\/","title":{"rendered":"(Portugu\u00eas Brasil) Voc\u00ea est\u00e1 atualizado sobre os Contratos de Trabalho durante a pandemia? Veja o nosso v\u00eddeo com a advogada Dra Carla Blanco Pousada"},"content":{"rendered":"<p class=\"qtranxs-available-languages-message qtranxs-available-languages-message-en\">Sorry, this entry is only available in <a href=\"https:\/\/wtb.tur.br\/pb\/wp-json\/wp\/v2\/posts\/1151\" class=\"qtranxs-available-language-link qtranxs-available-language-link-pb\" title=\"Portugu\u00eas Brasil\">Portugu\u00eas Brasil<\/a>.<\/p>","protected":false},"excerpt":{"rendered":"<p>Sorry, this entry is only available in Portugu\u00eas Brasil.<\/p>\n","protected":false},"author":1,"featured_media":1152,"comment_status":"open","ping_status":"closed","sticky":false,"template":"","format":"video","meta":{"footnotes":""},"categories":[60],"tags":[],"class_list":{"0":"post-1151","1":"post","2":"type-post","3":"status-publish","4":"format-video","5":"has-post-thumbnail","6":"hentry","7":"category-videos","8":"post_format-post-format-video","9":"entry","11":"has-media"},"_links":{"self":[{"href":"https:\/\/wtb.tur.br\/en\/wp-json\/wp\/v2\/posts\/1151","targetHints":{"allow":["GET"]}}],"collection":[{"href":"https:\/\/wtb.tur.br\/en\/wp-json\/wp\/v2\/posts"}],"about":[{"href":"https:\/\/wtb.tur.br\/en\/wp-json\/wp\/v2\/types\/post"}],"author":[{"embeddable":true,"href":"https:\/\/wtb.tur.br\/en\/wp-json\/wp\/v2\/users\/1"}],"replies":[{"embeddable":true,"href":"https:\/\/wtb.tur.br\/en\/wp-json\/wp\/v2\/comments?post=1151"}],"version-history":[{"count":1,"href":"https:\/\/wtb.tur.br\/en\/wp-json\/wp\/v2\/posts\/1151\/revisions"}],"predecessor-version":[{"id":1153,"href":"https:\/\/wtb.tur.br\/en\/wp-json\/wp\/v2\/posts\/1151\/revisions\/1153"}],"wp:featuredmedia":[{"embeddable":true,"href":"https:\/\/wtb.tur.br\/en\/wp-json\/wp\/v2\/media\/1152"}],"wp:attachment":[{"href":"https:\/\/wtb.tur.br\/en\/wp-json\/wp\/v2\/media?parent=1151"}],"wp:term":[{"taxonomy":"category","embeddable":true,"href":"https:\/\/wtb.tur.br\/en\/wp-json\/wp\/v2\/categories?post=1151"},{"taxonomy":"post_tag","embeddable":true,"href":"https:\/\/wtb.tur.br\/en\/wp-json\/wp\/v2\/tags?post=1151"}],"curies":[{"name":"wp","href":"https:\/\/api.w.org\/{rel}","templated":true}]}}